{"id":321,"date":"2021-09-06T10:47:49","date_gmt":"2021-09-06T08:47:49","guid":{"rendered":"https:\/\/leona-olten.ch\/?p=321"},"modified":"2023-05-04T07:40:36","modified_gmt":"2023-05-04T05:40:36","slug":"open-house-basel-2021","status":"publish","type":"post","link":"https:\/\/leona-olten.ch\/index.php\/2021\/09\/06\/open-house-basel-2021\/","title":{"rendered":"Open House Basel 2021"},"content":{"rendered":"\n<figure class=\"wp-block-gallery has-nested-images columns-default is-cropped wp-block-gallery-1 is-layout-flex wp-block-gallery-is-layout-flex\">\n<figure class=\"wp-block-image size-large\"><img loading=\"lazy\" decoding=\"async\" width=\"1024\" height=\"767\" data-id=\"327\" src=\"https:\/\/leona-olten.ch\/wp-content\/uploads\/2021\/09\/Untitled-1024x767.jpg\" alt=\"Besucher beim Silo Erlenmatt\" class=\"wp-image-327\" srcset=\"https:\/\/leona-olten.ch\/wp-content\/uploads\/2021\/09\/Untitled-1024x767.jpg 1024w, https:\/\/leona-olten.ch\/wp-content\/uploads\/2021\/09\/Untitled-300x225.jpg 300w, https:\/\/leona-olten.ch\/wp-content\/uploads\/2021\/09\/Untitled-768x575.jpg 768w, https:\/\/leona-olten.ch\/wp-content\/uploads\/2021\/09\/Untitled.jpg 1280w\" sizes=\"auto, (max-width: 1024px) 100vw, 1024px\" \/><\/figure>\n\n\n\n<figure class=\"wp-block-image size-large\"><img loading=\"lazy\" decoding=\"async\" width=\"1024\" height=\"768\" data-id=\"344\" src=\"https:\/\/leona-olten.ch\/wp-content\/uploads\/2021\/09\/IMG_5415-2-1024x768.jpeg\" alt=\"\" class=\"wp-image-344\" srcset=\"https:\/\/leona-olten.ch\/wp-content\/uploads\/2021\/09\/IMG_5415-2-1024x768.jpeg 1024w, https:\/\/leona-olten.ch\/wp-content\/uploads\/2021\/09\/IMG_5415-2-300x225.jpeg 300w, https:\/\/leona-olten.ch\/wp-content\/uploads\/2021\/09\/IMG_5415-2-768x576.jpeg 768w, https:\/\/leona-olten.ch\/wp-content\/uploads\/2021\/09\/IMG_5415-2.jpeg 1280w\" sizes=\"auto, (max-width: 1024px) 100vw, 1024px\" \/><\/figure>\n<\/figure>\n\n\n\n<p>Anl\u00e4sslich der Open House Tage besuchte eine Gruppe von LeONa am 12. Juni 2021 das Erlenmattquartier in Basel. Nicht das erste Mal, jedoch ist dieser neue Stadtteil unterdessen um weitere spannende Bausteine reicher!<br>Hauptprogrammpunkt war eine F\u00fchung im Silo Erlenmatt. Dieses fr\u00fche Eisenbetongeb\u00e4ude aus dem Jahr 1912 der Basler Lagerhausgesellschaft wurde 2020 umgebaut (Harry Gugger Studio, Basel) und beinhaltet Arbeitsr\u00e4ume f\u00fcr Kreative, ein Hostelbetrieb, ein Restaurant sowie Seminarr\u00e4ume.<\/p>\n\n\n\n<figure class=\"wp-block-gallery has-nested-images columns-default is-cropped wp-block-gallery-2 is-layout-flex wp-block-gallery-is-layout-flex\">\n<figure class=\"wp-block-image size-large\"><img loading=\"lazy\" decoding=\"async\" width=\"1024\" height=\"768\" data-id=\"341\" src=\"https:\/\/leona-olten.ch\/wp-content\/uploads\/2021\/09\/IMG_5419-3-1024x768.jpeg\" alt=\"\" class=\"wp-image-341\" srcset=\"https:\/\/leona-olten.ch\/wp-content\/uploads\/2021\/09\/IMG_5419-3-1024x768.jpeg 1024w, https:\/\/leona-olten.ch\/wp-content\/uploads\/2021\/09\/IMG_5419-3-300x225.jpeg 300w, https:\/\/leona-olten.ch\/wp-content\/uploads\/2021\/09\/IMG_5419-3-768x576.jpeg 768w, https:\/\/leona-olten.ch\/wp-content\/uploads\/2021\/09\/IMG_5419-3.jpeg 1280w\" sizes=\"auto, (max-width: 1024px) 100vw, 1024px\" \/><\/figure>\n\n\n\n<figure class=\"wp-block-image size-large\"><img loading=\"lazy\" decoding=\"async\" width=\"1024\" height=\"767\" data-id=\"343\" src=\"https:\/\/leona-olten.ch\/wp-content\/uploads\/2021\/09\/Untitled5-2-1024x767.jpg\" alt=\"\" class=\"wp-image-343\" srcset=\"https:\/\/leona-olten.ch\/wp-content\/uploads\/2021\/09\/Untitled5-2-1024x767.jpg 1024w, https:\/\/leona-olten.ch\/wp-content\/uploads\/2021\/09\/Untitled5-2-300x225.jpg 300w, https:\/\/leona-olten.ch\/wp-content\/uploads\/2021\/09\/Untitled5-2-768x575.jpg 768w, https:\/\/leona-olten.ch\/wp-content\/uploads\/2021\/09\/Untitled5-2.jpg 1280w\" sizes=\"auto, (max-width: 1024px) 100vw, 1024px\" \/><\/figure>\n<\/figure>\n\n\n\n<p>Gegen\u00fcber befindet sich das Genossenschaftshaus Stadterle Basel der Wohgenossenschaft Zimmerfrei.<br>Dieser Neubau mit den markanten, gr\u00fcnverkleideten Laubeng\u00e4ngen (Erschliessungen und Aussenr\u00e4ume) wurde im 2017 durch Buchner Br\u00fcndler Architekten aus Basel fertiggestellt.<\/p>\n\n\n\n<figure class=\"wp-block-gallery has-nested-images columns-default is-cropped wp-block-gallery-3 is-layout-flex wp-block-gallery-is-layout-flex\">\n<figure class=\"wp-block-image size-large\"><img loading=\"lazy\" decoding=\"async\" width=\"1024\" height=\"768\" data-id=\"338\" src=\"https:\/\/leona-olten.ch\/wp-content\/uploads\/2021\/09\/Untitled3-1-1024x768.jpg\" alt=\"\" class=\"wp-image-338\" srcset=\"https:\/\/leona-olten.ch\/wp-content\/uploads\/2021\/09\/Untitled3-1-1024x768.jpg 1024w, https:\/\/leona-olten.ch\/wp-content\/uploads\/2021\/09\/Untitled3-1-300x225.jpg 300w, https:\/\/leona-olten.ch\/wp-content\/uploads\/2021\/09\/Untitled3-1-768x576.jpg 768w, https:\/\/leona-olten.ch\/wp-content\/uploads\/2021\/09\/Untitled3-1.jpg 1280w\" sizes=\"auto, (max-width: 1024px) 100vw, 1024px\" \/><\/figure>\n\n\n\n<figure class=\"wp-block-image size-large\"><img loading=\"lazy\" decoding=\"async\" width=\"1024\" height=\"694\" data-id=\"345\" src=\"https:\/\/leona-olten.ch\/wp-content\/uploads\/2021\/09\/IMG_5410-2-1024x694.jpeg\" alt=\"\" class=\"wp-image-345\" srcset=\"https:\/\/leona-olten.ch\/wp-content\/uploads\/2021\/09\/IMG_5410-2-1024x694.jpeg 1024w, https:\/\/leona-olten.ch\/wp-content\/uploads\/2021\/09\/IMG_5410-2-300x203.jpeg 300w, https:\/\/leona-olten.ch\/wp-content\/uploads\/2021\/09\/IMG_5410-2-768x520.jpeg 768w, https:\/\/leona-olten.ch\/wp-content\/uploads\/2021\/09\/IMG_5410-2.jpeg 1280w\" sizes=\"auto, (max-width: 1024px) 100vw, 1024px\" \/><\/figure>\n\n\n\n<figure class=\"wp-block-image size-large\"><img loading=\"lazy\" decoding=\"async\" width=\"1024\" height=\"767\" data-id=\"337\" src=\"https:\/\/leona-olten.ch\/wp-content\/uploads\/2021\/09\/Untitled4-1-1024x767.jpg\" alt=\"\" class=\"wp-image-337\" srcset=\"https:\/\/leona-olten.ch\/wp-content\/uploads\/2021\/09\/Untitled4-1-1024x767.jpg 1024w, https:\/\/leona-olten.ch\/wp-content\/uploads\/2021\/09\/Untitled4-1-300x225.jpg 300w, https:\/\/leona-olten.ch\/wp-content\/uploads\/2021\/09\/Untitled4-1-768x575.jpg 768w, https:\/\/leona-olten.ch\/wp-content\/uploads\/2021\/09\/Untitled4-1.jpg 1280w\" sizes=\"auto, (max-width: 1024px) 100vw, 1024px\" \/><\/figure>\n<\/figure>\n\n\n\n<p>Auf dem Weg durchs Quartier fallen die vielf\u00e4ltigen, meist eher simpel gestalteten Freifl\u00e4chen auf, welche auf unterschiedlichste Art belebt oder ganz einfach in Ruhe gelassen werden. Ebenfalls sind unterschiedlichste Arten von privaten Aussenr\u00e4umen zu sehen: ebenerdige, \u00f6ffentlich anmutende Terrassenzonen bis hin zu abgeschirmten Sitzpl\u00e4tzen im Hochparterre.<\/p>\n\n\n\n<figure class=\"wp-block-gallery aligncenter has-nested-images columns-default is-cropped wp-block-gallery-4 is-layout-flex wp-block-gallery-is-layout-flex\">\n<figure class=\"wp-block-image size-large\"><img loading=\"lazy\" decoding=\"async\" width=\"768\" height=\"1024\" data-id=\"339\" src=\"https:\/\/leona-olten.ch\/wp-content\/uploads\/2021\/09\/IMG_5416-2-768x1024.jpeg\" alt=\"\" class=\"wp-image-339\" srcset=\"https:\/\/leona-olten.ch\/wp-content\/uploads\/2021\/09\/IMG_5416-2-768x1024.jpeg 768w, https:\/\/leona-olten.ch\/wp-content\/uploads\/2021\/09\/IMG_5416-2-225x300.jpeg 225w, https:\/\/leona-olten.ch\/wp-content\/uploads\/2021\/09\/IMG_5416-2-rotated.jpeg 960w\" sizes=\"auto, (max-width: 768px) 100vw, 768px\" \/><\/figure>\n\n\n\n<figure class=\"wp-block-image size-large\"><img loading=\"lazy\" decoding=\"async\" width=\"706\" height=\"1024\" data-id=\"342\" src=\"https:\/\/leona-olten.ch\/wp-content\/uploads\/2021\/09\/Untitled1-1-706x1024.jpg\" alt=\"\" class=\"wp-image-342\" srcset=\"https:\/\/leona-olten.ch\/wp-content\/uploads\/2021\/09\/Untitled1-1-706x1024.jpg 706w, https:\/\/leona-olten.ch\/wp-content\/uploads\/2021\/09\/Untitled1-1-207x300.jpg 207w, https:\/\/leona-olten.ch\/wp-content\/uploads\/2021\/09\/Untitled1-1-768x1115.jpg 768w, https:\/\/leona-olten.ch\/wp-content\/uploads\/2021\/09\/Untitled1-1.jpg 882w\" sizes=\"auto, (max-width: 706px) 100vw, 706px\" \/><\/figure>\n<\/figure>\n\n\n\n<p>Aus einer Vielzahl anderer genossenschaftlicher Geb\u00e4uden sticht der Neubau der Coop\u00e9rative d\u2019ateliers von Heinrich Degelo heraus. \u00c4usserlich durch seine h\u00f6lzernen Terassenbr\u00fcstungen, im innern durch die sehr klare Raumstruktur und ein radikales Materialisierungskonzept. Mieter k\u00f6nnen die sehr grossz\u00fcgigen R\u00e4ume selbst ausgestalten und die sp\u00e4rlichen Installationen erg\u00e4nzen.<br>Weitere Infos und Bilder:<br><a rel=\"noreferrer noopener\" href=\"https:\/\/architekturbasel.ch\/so-wohnt-es-sich-im-radikalsten-wohnhaus-der-stadt\/\" target=\"_blank\">https:\/\/architekturbasel.ch\/so-wohnt-es-sich-im-radikalsten-wohnhaus-der-stadt\/<\/a><\/p>\n","protected":false},"excerpt":{"rendered":"<p>Anl\u00e4sslich der Open House Tage besuchte eine Gruppe von LeONa am 12. Juni 2021 das Erlenmattquartier in Basel. Nicht das erste Mal, jedoch ist dieser neue Stadtteil unterdessen um weitere spannende Bausteine reicher!<\/p>\n","protected":false},"author":1,"featured_media":327,"comment_status":"closed","ping_status":"open","sticky":false,"template":"","format":"standard","meta":{"footnotes":""},"categories":[1],"tags":[],"class_list":["post-321","post","type-post","status-publish","format-standard","has-post-thumbnail","hentry","category-allgemein"],"_links":{"self":[{"href":"https:\/\/leona-olten.ch\/index.php\/wp-json\/wp\/v2\/posts\/321","targetHints":{"allow":["GET"]}}],"collection":[{"href":"https:\/\/leona-olten.ch\/index.php\/wp-json\/wp\/v2\/posts"}],"about":[{"href":"https:\/\/leona-olten.ch\/index.php\/wp-json\/wp\/v2\/types\/post"}],"author":[{"embeddable":true,"href":"https:\/\/leona-olten.ch\/index.php\/wp-json\/wp\/v2\/users\/1"}],"replies":[{"embeddable":true,"href":"https:\/\/leona-olten.ch\/index.php\/wp-json\/wp\/v2\/comments?post=321"}],"version-history":[{"count":2,"href":"https:\/\/leona-olten.ch\/index.php\/wp-json\/wp\/v2\/posts\/321\/revisions"}],"predecessor-version":[{"id":503,"href":"https:\/\/leona-olten.ch\/index.php\/wp-json\/wp\/v2\/posts\/321\/revisions\/503"}],"wp:featuredmedia":[{"embeddable":true,"href":"https:\/\/leona-olten.ch\/index.php\/wp-json\/wp\/v2\/media\/327"}],"wp:attachment":[{"href":"https:\/\/leona-olten.ch\/index.php\/wp-json\/wp\/v2\/media?parent=321"}],"wp:term":[{"taxonomy":"category","embeddable":true,"href":"https:\/\/leona-olten.ch\/index.php\/wp-json\/wp\/v2\/categories?post=321"},{"taxonomy":"post_tag","embeddable":true,"href":"https:\/\/leona-olten.ch\/index.php\/wp-json\/wp\/v2\/tags?post=321"}],"curies":[{"name":"wp","href":"https:\/\/api.w.org\/{rel}","templated":true}]}}